{"id":10352,"date":"2019-02-05T11:01:12","date_gmt":"2019-02-05T16:01:12","guid":{"rendered":"http:\/\/www.clubdescollectionneursenartsvisuelsdequebec.com\/?p=10352"},"modified":"2021-07-21T15:17:10","modified_gmt":"2021-07-21T19:17:10","slug":"conference-hommage-a-aristide-gagnon-andre-becot-et-serge-philippe-tremblay","status":"publish","type":"post","link":"https:\/\/galeriebecot.com\/?p=10352","title":{"rendered":"Conf\u00e9rence hommage \u00e0 Aristide Gagnon, Andr\u00e9 B\u00e9cot et Serge Philippe Tremblay."},"content":{"rendered":"<p><a href=\"https:\/\/www.galeriebecot.com\/wp-content\/uploads\/2019\/02\/Club-preface.jpg\"><img loading=\"lazy\" decoding=\"async\" class=\"alignnone size-full wp-image-10353\" src=\"https:\/\/www.galeriebecot.com\/wp-content\/uploads\/2019\/02\/Club-preface.jpg\" alt=\"\" width=\"989\" height=\"781\" srcset=\"https:\/\/galeriebecot.com\/wp-content\/uploads\/2019\/02\/Club-preface.jpg 989w, https:\/\/galeriebecot.com\/wp-content\/uploads\/2019\/02\/Club-preface-300x237.jpg 300w, https:\/\/galeriebecot.com\/wp-content\/uploads\/2019\/02\/Club-preface-768x606.jpg 768w\" sizes=\"auto, (max-width: 989px) 100vw, 989px\" \/><\/a><\/p>\n<p><a href=\"https:\/\/www.galeriebecot.com\/wp-content\/uploads\/2019\/02\/Club-date.jpg\"><img loading=\"lazy\" decoding=\"async\" class=\"alignnone size-full wp-image-10354\" src=\"https:\/\/www.galeriebecot.com\/wp-content\/uploads\/2019\/02\/Club-date.jpg\" alt=\"\" width=\"899\" height=\"683\" srcset=\"https:\/\/galeriebecot.com\/wp-content\/uploads\/2019\/02\/Club-date.jpg 899w, https:\/\/galeriebecot.com\/wp-content\/uploads\/2019\/02\/Club-date-300x228.jpg 300w, https:\/\/galeriebecot.com\/wp-content\/uploads\/2019\/02\/Club-date-768x583.jpg 768w\" sizes=\"auto, (max-width: 899px) 100vw, 899px\" \/><\/a><\/p>\n<p>\u00c0\u00a0l&rsquo;occasion de la MANIF d&rsquo;art 2019, le Club rend hommage \u00e0 trois \u00e9minents artistes de Qu\u00e9bec qui s&rsquo;illustrent depuis plus de 40 ans.<\/p>\n<p>L&rsquo;oeuvre en arri\u00e8re plan est de J\u00e9r\u00f4me Morissette \u00a0\u00bb <i>Hommage au\u00a0sculpteur\u00a0Louise Nevelson<\/i> \u00a0\u00bb<\/p>\n<p><a href=\"https:\/\/www.galeriebecot.com\/wp-content\/uploads\/2019\/02\/Club-Aristide-Gagnon.jpg\"><img loading=\"lazy\" decoding=\"async\" class=\"alignnone size-full wp-image-10458\" src=\"https:\/\/www.galeriebecot.com\/wp-content\/uploads\/2019\/02\/Club-Aristide-Gagnon.jpg\" alt=\"\" width=\"389\" height=\"453\" srcset=\"https:\/\/galeriebecot.com\/wp-content\/uploads\/2019\/02\/Club-Aristide-Gagnon.jpg 389w, https:\/\/galeriebecot.com\/wp-content\/uploads\/2019\/02\/Club-Aristide-Gagnon-258x300.jpg 258w\" sizes=\"auto, (max-width: 389px) 100vw, 389px\" \/><\/a><\/p>\n<p><a href=\"https:\/\/www.galeriebecot.com\/wp-content\/uploads\/2019\/02\/Club-Gagnon-a.jpg\"><img loading=\"lazy\" decoding=\"async\" class=\"alignnone size-full wp-image-10483\" src=\"https:\/\/www.galeriebecot.com\/wp-content\/uploads\/2019\/02\/Club-Gagnon-a.jpg\" alt=\"\" width=\"863\" height=\"456\" srcset=\"https:\/\/galeriebecot.com\/wp-content\/uploads\/2019\/02\/Club-Gagnon-a.jpg 863w, https:\/\/galeriebecot.com\/wp-content\/uploads\/2019\/02\/Club-Gagnon-a-300x159.jpg 300w, https:\/\/galeriebecot.com\/wp-content\/uploads\/2019\/02\/Club-Gagnon-a-768x406.jpg 768w\" sizes=\"auto, (max-width: 863px) 100vw, 863px\" \/><\/a><\/p>\n<p><a href=\"https:\/\/www.galeriebecot.com\/wp-content\/uploads\/2019\/02\/Oeuvre-GagnonOK.jpg\"><img loading=\"lazy\" decoding=\"async\" class=\"alignnone size-full wp-image-10481\" src=\"https:\/\/www.galeriebecot.com\/wp-content\/uploads\/2019\/02\/Oeuvre-GagnonOK.jpg\" alt=\"\" width=\"412\" height=\"404\" srcset=\"https:\/\/galeriebecot.com\/wp-content\/uploads\/2019\/02\/Oeuvre-GagnonOK.jpg 412w, https:\/\/galeriebecot.com\/wp-content\/uploads\/2019\/02\/Oeuvre-GagnonOK-300x294.jpg 300w\" sizes=\"auto, (max-width: 412px) 100vw, 412px\" \/><\/a><\/p>\n<p><a href=\"https:\/\/www.galeriebecot.com\/wp-content\/uploads\/2019\/02\/Club-Gagnon-b.jpg\"><img loading=\"lazy\" decoding=\"async\" class=\"alignnone size-full wp-image-10484\" src=\"https:\/\/www.galeriebecot.com\/wp-content\/uploads\/2019\/02\/Club-Gagnon-b.jpg\" alt=\"\" width=\"865\" height=\"292\" srcset=\"https:\/\/galeriebecot.com\/wp-content\/uploads\/2019\/02\/Club-Gagnon-b.jpg 865w, https:\/\/galeriebecot.com\/wp-content\/uploads\/2019\/02\/Club-Gagnon-b-300x101.jpg 300w, https:\/\/galeriebecot.com\/wp-content\/uploads\/2019\/02\/Club-Gagnon-b-768x259.jpg 768w\" sizes=\"auto, (max-width: 865px) 100vw, 865px\" \/><\/a><\/p>\n<p><a href=\"https:\/\/www.galeriebecot.com\/wp-content\/uploads\/2019\/02\/Club-Andre-Becot.jpg\"><img loading=\"lazy\" decoding=\"async\" class=\"alignnone size-full wp-image-10460\" src=\"https:\/\/www.galeriebecot.com\/wp-content\/uploads\/2019\/02\/Club-Andre-Becot.jpg\" alt=\"\" width=\"432\" height=\"576\" srcset=\"https:\/\/galeriebecot.com\/wp-content\/uploads\/2019\/02\/Club-Andre-Becot.jpg 432w, https:\/\/galeriebecot.com\/wp-content\/uploads\/2019\/02\/Club-Andre-Becot-225x300.jpg 225w\" sizes=\"auto, (max-width: 432px) 100vw, 432px\" \/><\/a><\/p>\n<p><a href=\"https:\/\/www.galeriebecot.com\/wp-content\/uploads\/2019\/02\/Club-Becot1.jpg\"><img loading=\"lazy\" decoding=\"async\" class=\"alignnone size-full wp-image-10356\" src=\"https:\/\/www.galeriebecot.com\/wp-content\/uploads\/2019\/02\/Club-Becot1.jpg\" alt=\"\" width=\"895\" height=\"792\" srcset=\"https:\/\/galeriebecot.com\/wp-content\/uploads\/2019\/02\/Club-Becot1.jpg 895w, https:\/\/galeriebecot.com\/wp-content\/uploads\/2019\/02\/Club-Becot1-300x265.jpg 300w, https:\/\/galeriebecot.com\/wp-content\/uploads\/2019\/02\/Club-Becot1-768x680.jpg 768w\" sizes=\"auto, (max-width: 895px) 100vw, 895px\" \/><\/a><\/p>\n<p><a href=\"https:\/\/www.galeriebecot.com\/wp-content\/uploads\/2019\/02\/Club-Becot-Naturel-SurnaturelOK.jpg\"><img loading=\"lazy\" decoding=\"async\" class=\"alignnone size-full wp-image-10476\" src=\"https:\/\/www.galeriebecot.com\/wp-content\/uploads\/2019\/02\/Club-Becot-Naturel-SurnaturelOK.jpg\" alt=\"\" width=\"345\" height=\"432\" srcset=\"https:\/\/galeriebecot.com\/wp-content\/uploads\/2019\/02\/Club-Becot-Naturel-SurnaturelOK.jpg 345w, https:\/\/galeriebecot.com\/wp-content\/uploads\/2019\/02\/Club-Becot-Naturel-SurnaturelOK-240x300.jpg 240w\" sizes=\"auto, (max-width: 345px) 100vw, 345px\" \/><\/a><\/p>\n<p>Le naturel et le surnaturel (d\u00e9tail)<\/p>\n<p><a href=\"https:\/\/art-zoo.com\/le-constructivisme-russe\/\">Constructivisme<\/a> dit po\u00e9tique par B\u00e9cot 2018 , (Bronze,bois).<\/p>\n<p><a href=\"https:\/\/www.galeriebecot.com\/?p=8432\"><img loading=\"lazy\" decoding=\"async\" class=\"alignnone size-full wp-image-10357\" src=\"https:\/\/www.galeriebecot.com\/wp-content\/uploads\/2019\/02\/Club-Becot2.jpg\" alt=\"\" width=\"858\" height=\"769\" srcset=\"https:\/\/galeriebecot.com\/wp-content\/uploads\/2019\/02\/Club-Becot2.jpg 858w, https:\/\/galeriebecot.com\/wp-content\/uploads\/2019\/02\/Club-Becot2-300x269.jpg 300w, https:\/\/galeriebecot.com\/wp-content\/uploads\/2019\/02\/Club-Becot2-768x688.jpg 768w\" sizes=\"auto, (max-width: 858px) 100vw, 858px\" \/><\/a><\/p>\n<p><a href=\"https:\/\/www.galeriebecot.com\/wp-content\/uploads\/2019\/02\/Serge-Philippe-Tremblay.jpg\"><img loading=\"lazy\" decoding=\"async\" class=\"alignnone wp-image-10472\" src=\"https:\/\/www.galeriebecot.com\/wp-content\/uploads\/2019\/02\/Serge-Philippe-Tremblay.jpg\" alt=\"\" width=\"359\" height=\"493\" \/><\/a><\/p>\n<p><a href=\"https:\/\/www.galeriebecot.com\/wp-content\/uploads\/2019\/02\/Club-Tremblay.jpg\"><img loading=\"lazy\" decoding=\"async\" class=\"alignnone size-full wp-image-10358\" src=\"https:\/\/www.galeriebecot.com\/wp-content\/uploads\/2019\/02\/Club-Tremblay.jpg\" alt=\"\" width=\"851\" height=\"601\" srcset=\"https:\/\/galeriebecot.com\/wp-content\/uploads\/2019\/02\/Club-Tremblay.jpg 851w, https:\/\/galeriebecot.com\/wp-content\/uploads\/2019\/02\/Club-Tremblay-300x212.jpg 300w, https:\/\/galeriebecot.com\/wp-content\/uploads\/2019\/02\/Club-Tremblay-768x542.jpg 768w\" sizes=\"auto, (max-width: 851px) 100vw, 851px\" \/><\/a><\/p>\n<p><a href=\"https:\/\/www.galeriebecot.com\/wp-content\/uploads\/2019\/02\/Tremblay-oeuvre-OK.jpg\"><img loading=\"lazy\" decoding=\"async\" class=\"alignnone size-full wp-image-10486\" src=\"https:\/\/www.galeriebecot.com\/wp-content\/uploads\/2019\/02\/Tremblay-oeuvre-OK.jpg\" alt=\"\" width=\"504\" height=\"432\" srcset=\"https:\/\/galeriebecot.com\/wp-content\/uploads\/2019\/02\/Tremblay-oeuvre-OK.jpg 504w, https:\/\/galeriebecot.com\/wp-content\/uploads\/2019\/02\/Tremblay-oeuvre-OK-300x257.jpg 300w\" sizes=\"auto, (max-width: 504px) 100vw, 504px\" \/><\/a><\/p>\n<p><em>Cr\u00e9dit photo ; Klody Tremblay<\/em><\/p>\n<p><a href=\"http:\/\/www.michelparent.com\/club\/\"><img loading=\"lazy\" decoding=\"async\" class=\"alignnone size-full wp-image-10367\" src=\"https:\/\/www.galeriebecot.com\/wp-content\/uploads\/2019\/02\/Club-abonne1.jpg\" alt=\"\" width=\"846\" height=\"293\" srcset=\"https:\/\/galeriebecot.com\/wp-content\/uploads\/2019\/02\/Club-abonne1.jpg 846w, https:\/\/galeriebecot.com\/wp-content\/uploads\/2019\/02\/Club-abonne1-300x104.jpg 300w, https:\/\/galeriebecot.com\/wp-content\/uploads\/2019\/02\/Club-abonne1-768x266.jpg 768w\" sizes=\"auto, (max-width: 846px) 100vw, 846px\" \/><\/a><\/p>\n<p><a href=\"https:\/\/www.galeriebecot.com\/?p=1398\"><img loading=\"lazy\" decoding=\"async\" class=\"alignnone size-full wp-image-8815\" src=\"https:\/\/www.galeriebecot.com\/wp-content\/uploads\/2018\/06\/Historique-du-clubokok.jpg\" alt=\"\" width=\"369\" height=\"35\" srcset=\"https:\/\/galeriebecot.com\/wp-content\/uploads\/2018\/06\/Historique-du-clubokok.jpg 369w, https:\/\/galeriebecot.com\/wp-content\/uploads\/2018\/06\/Historique-du-clubokok-300x28.jpg 300w\" sizes=\"auto, (max-width: 369px) 100vw, 369px\" \/><\/a><\/p>\n<p>\u00c0\u00a0l&rsquo;occasion de la MANIF d&rsquo;art 2019, le Club rend hommage \u00e0 trois \u00e9minents artistes de Qu\u00e9bec qui s&rsquo;illustrent depuis plus de 40 ans.<\/p>\n","protected":false},"excerpt":{"rendered":"<p>\u00c0\u00a0l&rsquo;occasion de la MANIF d&rsquo;art 2019, le Club rend hommage \u00e0 trois \u00e9minents artistes de Qu\u00e9bec qui s&rsquo;illustrent depuis plus de 40 ans. L&rsquo;oeuvre en arri\u00e8re plan est de J\u00e9r\u00f4me&hellip; <\/p>\n","protected":false},"author":1,"featured_media":0,"comment_status":"open","ping_status":"open","sticky":false,"template":"","format":"standard","meta":{"_exactmetrics_skip_tracking":false,"_exactmetrics_sitenote_active":false,"_exactmetrics_sitenote_note":"","_exactmetrics_sitenote_category":0,"footnotes":""},"categories":[27,17,18,19],"tags":[171,2713,2722,2721,2714,2045,2725,841,2717,2724,221,1982,2719,738,2718,2723,2726,2720,2025,2715,2716,2727],"class_list":["post-10352","post","type-post","status-publish","format-standard","hentry","category-artistes","category-conference","category-evenement","category-vernissage","tag-andre-becot-artiste","tag-aristide-gagnon-artiste","tag-conseil-de-la-culture-de-quebec","tag-contrat-1","tag-ecole-des-beaux-arts-de-montreal","tag-ecole-des-beaux-arts-de-quebec","tag-gerard-zannetin","tag-gilles-brown","tag-jeux-de-la-francophonie","tag-jules-harvey","tag-klody-tremblay","tag-madeleine-lacerte","tag-maroc","tag-raav","tag-rabat","tag-raphael-shano","tag-richard-verreault","tag-roulement-a-billes","tag-serge-philippe-tremblay-photographe","tag-uqac","tag-uqtr","tag-yvon-desgagne"],"_links":{"self":[{"href":"https:\/\/galeriebecot.com\/index.php?rest_route=\/wp\/v2\/posts\/10352","targetHints":{"allow":["GET"]}}],"collection":[{"href":"https:\/\/galeriebecot.com\/index.php?rest_route=\/wp\/v2\/posts"}],"about":[{"href":"https:\/\/galeriebecot.com\/index.php?rest_route=\/wp\/v2\/types\/post"}],"author":[{"embeddable":true,"href":"https:\/\/galeriebecot.com\/index.php?rest_route=\/wp\/v2\/users\/1"}],"replies":[{"embeddable":true,"href":"https:\/\/galeriebecot.com\/index.php?rest_route=%2Fwp%2Fv2%2Fcomments&post=10352"}],"version-history":[{"count":49,"href":"https:\/\/galeriebecot.com\/index.php?rest_route=\/wp\/v2\/posts\/10352\/revisions"}],"predecessor-version":[{"id":14542,"href":"https:\/\/galeriebecot.com\/index.php?rest_route=\/wp\/v2\/posts\/10352\/revisions\/14542"}],"wp:attachment":[{"href":"https:\/\/galeriebecot.com\/index.php?rest_route=%2Fwp%2Fv2%2Fmedia&parent=10352"}],"wp:term":[{"taxonomy":"category","embeddable":true,"href":"https:\/\/galeriebecot.com\/index.php?rest_route=%2Fwp%2Fv2%2Fcategories&post=10352"},{"taxonomy":"post_tag","embeddable":true,"href":"https:\/\/galeriebecot.com\/index.php?rest_route=%2Fwp%2Fv2%2Ftags&post=10352"}],"curies":[{"name":"wp","href":"https:\/\/api.w.org\/{rel}","templated":true}]}}