{"id":10162,"date":"2023-12-08T16:45:00","date_gmt":"2023-12-08T21:45:00","guid":{"rendered":"http:\/\/www.clubdescollectionneursenartsvisuelsdequebec.com\/?p=10162"},"modified":"2023-12-18T15:53:13","modified_gmt":"2023-12-18T20:53:13","slug":"serge-philippe-tremblay-photographe","status":"publish","type":"post","link":"https:\/\/galeriebecot.com\/?p=10162","title":{"rendered":"Serge Philippe Tremblay, Photographe"},"content":{"rendered":"\n<figure class=\"wp-block-image size-large is-resized\"><a href=\"https:\/\/www.galeriebecot.com\/?p=10352\"><img loading=\"lazy\" decoding=\"async\" src=\"https:\/\/www.galeriebecot.com\/wp-content\/uploads\/2023\/12\/Serge-Philippe-Tremblay-2-1024x817.jpg\" alt=\"\" class=\"wp-image-18636\" width=\"542\" height=\"432\" srcset=\"https:\/\/galeriebecot.com\/wp-content\/uploads\/2023\/12\/Serge-Philippe-Tremblay-2-1024x817.jpg 1024w, https:\/\/galeriebecot.com\/wp-content\/uploads\/2023\/12\/Serge-Philippe-Tremblay-2-300x239.jpg 300w, https:\/\/galeriebecot.com\/wp-content\/uploads\/2023\/12\/Serge-Philippe-Tremblay-2-768x613.jpg 768w, https:\/\/galeriebecot.com\/wp-content\/uploads\/2023\/12\/Serge-Philippe-Tremblay-2.jpg 1352w\" sizes=\"auto, (max-width: 542px) 100vw, 542px\" \/><\/a><\/figure>\n\n\n\n<figure class=\"wp-block-image size-full is-resized\"><a href=\"https:\/\/www.galeriebecot.com\/?p=10352\"><img loading=\"lazy\" decoding=\"async\" src=\"https:\/\/www.galeriebecot.com\/wp-content\/uploads\/2023\/12\/Serge-Philippe-Tremblay-1.jpg\" alt=\"\" class=\"wp-image-18564\" width=\"388\" height=\"558\" srcset=\"https:\/\/galeriebecot.com\/wp-content\/uploads\/2023\/12\/Serge-Philippe-Tremblay-1.jpg 315w, https:\/\/galeriebecot.com\/wp-content\/uploads\/2023\/12\/Serge-Philippe-Tremblay-1-209x300.jpg 209w\" sizes=\"auto, (max-width: 388px) 100vw, 388px\" \/><\/a><figcaption>Rencontre , \u00e0 la galerie <strong>B\u00e9cot<\/strong> du 11 f\u00e9vrier 2019<\/figcaption><\/figure>\n\n\n\n<figure class=\"wp-block-image size-full\"><a href=\"https:\/\/www.galeriebecot.com\/?p=10352\"><img loading=\"lazy\" decoding=\"async\" width=\"504\" height=\"432\" src=\"https:\/\/www.galeriebecot.com\/wp-content\/uploads\/2023\/12\/Tremblay-oeuvre-OK-3.jpg\" alt=\"\" class=\"wp-image-18568\" srcset=\"https:\/\/galeriebecot.com\/wp-content\/uploads\/2023\/12\/Tremblay-oeuvre-OK-3.jpg 504w, https:\/\/galeriebecot.com\/wp-content\/uploads\/2023\/12\/Tremblay-oeuvre-OK-3-300x257.jpg 300w\" sizes=\"auto, (max-width: 504px) 100vw, 504px\" \/><\/a><\/figure>\n\n\n<p><b>Entour\u00e9&nbsp; d\u2019une famille de photographes, 2 fr\u00e8res qui ont fait carri\u00e8re comme photographe de presse et l\u2019autre journaliste et le papa qui avait toujours sa chambre noir \u00e0 la port\u00e9e de la main<\/b><\/p>\n<p><b>Il \u00e9tait&nbsp; normal que&nbsp; mon premier choix de travail soit la photographie a\u00e9rienne, la photogramm\u00e9trie et la g\u00e9ophysique pour les premiers<\/b><\/p>\n<p><b>15 ans de ma vie professionnel par la&nbsp; suite la photolithographie, impression offset, production d\u2019affiches livres et carton pour diff\u00e9rente galerie et maisons d\u2019\u00e9dition et s\u00e9rigraphie&nbsp;<\/b><\/p>\n<p><b>C\u2019est \u00e0 cette \u00e9poque dans les ann\u00e9es 70 que je rencontre et fait la connaissance de diff\u00e9rents galeristes, Raphael Shano, Jules Harvey, G\u00e9rard Zannetin, Gilles Brown, Madeleine Lacerte, Richard Verreault, Yvon D\u00e9gagn\u00e9 et d\u2019autres qui seront&nbsp; la pierre angulaire et qui me feront connaitre les principaux acteurs du d\u00e9veloppement de notre peinture Qu\u00e9b\u00e9coise.<\/b><\/p>\n<p><b>A&nbsp; de ces galeries j\u2019offrais mes services&nbsp; de photographe et d\u2019imprimeur, ce qui m\u2019a permis de rencontrer un grand nombre d\u2019artiste contemporain de l\u2019\u00e9poque<\/b><\/p>\n<p><b>Depuis les derniers 14&nbsp; ans je fais une recherche photo plus personnelle une production artistique diff\u00e9rente tout en continuant le travail de communication<\/b><\/p>\n<p><\/p>\n<p>Photographe artistique et de reportage:<br>Sp\u00e9cialit\u00e9 : vernissage, conf\u00e9rence et Galerie D&rsquo;Art.<br>Conception, \u00e9dition et catalogue d&rsquo;artiste.<\/p>\n<p><a href=\"https:\/\/www.galeriebecot.com\/wp-content\/uploads\/2019\/01\/Serge-Philippe-Tremblay.jpg\"><img loading=\"lazy\" decoding=\"async\" class=\"alignnone size-full wp-image-10171\" src=\"https:\/\/www.galeriebecot.com\/wp-content\/uploads\/2019\/01\/Serge-Philippe-Tremblay.jpg\" alt=\"\" width=\"483\" height=\"384\" srcset=\"https:\/\/galeriebecot.com\/wp-content\/uploads\/2019\/01\/Serge-Philippe-Tremblay.jpg 483w, https:\/\/galeriebecot.com\/wp-content\/uploads\/2019\/01\/Serge-Philippe-Tremblay-300x239.jpg 300w\" sizes=\"auto, (max-width: 483px) 100vw, 483px\" \/><\/a><\/p>\n\n\n<p class=\"wp-block-paragraph\"><\/p>\n\n\n\n<p class=\"wp-block-paragraph\"><\/p>\n\n\n\n<p class=\"wp-block-paragraph\"><strong>.<\/strong><\/p>\n","protected":false},"excerpt":{"rendered":"<p>Entour\u00e9&nbsp; d\u2019une famille de photographes, 2 fr\u00e8res qui ont fait carri\u00e8re comme photographe de presse et l\u2019autre journaliste et le papa qui avait toujours sa chambre noir \u00e0 la port\u00e9e&hellip; <\/p>\n","protected":false},"author":1,"featured_media":0,"comment_status":"open","ping_status":"open","sticky":false,"template":"","format":"standard","meta":{"_exactmetrics_skip_tracking":false,"_exactmetrics_sitenote_active":false,"_exactmetrics_sitenote_note":"","_exactmetrics_sitenote_category":0,"footnotes":""},"categories":[27],"tags":[34,3366,4627,3593,4628,245,2506,58,2447,648,365,2026,2025,37,40],"class_list":["post-10162","post","type-post","status-publish","format-standard","hentry","category-artistes","tag-andre-becot","tag-galerie-amf","tag-jean-baptiste-leveque","tag-josiane-desloges","tag-le-charlevoisien","tag-lesoleil","tag-macbsp","tag-marc-bellemare-collectionneur","tag-musee-dart-contemporain-de-baie-saint-paul","tag-paryse-martin","tag-paul-beliveau","tag-serge-philippe-tremblay-artiste","tag-serge-philippe-tremblay-photographe","tag-studio-becot","tag-visuals-arts"],"_links":{"self":[{"href":"https:\/\/galeriebecot.com\/index.php?rest_route=\/wp\/v2\/posts\/10162","targetHints":{"allow":["GET"]}}],"collection":[{"href":"https:\/\/galeriebecot.com\/index.php?rest_route=\/wp\/v2\/posts"}],"about":[{"href":"https:\/\/galeriebecot.com\/index.php?rest_route=\/wp\/v2\/types\/post"}],"author":[{"embeddable":true,"href":"https:\/\/galeriebecot.com\/index.php?rest_route=\/wp\/v2\/users\/1"}],"replies":[{"embeddable":true,"href":"https:\/\/galeriebecot.com\/index.php?rest_route=%2Fwp%2Fv2%2Fcomments&post=10162"}],"version-history":[{"count":34,"href":"https:\/\/galeriebecot.com\/index.php?rest_route=\/wp\/v2\/posts\/10162\/revisions"}],"predecessor-version":[{"id":18640,"href":"https:\/\/galeriebecot.com\/index.php?rest_route=\/wp\/v2\/posts\/10162\/revisions\/18640"}],"wp:attachment":[{"href":"https:\/\/galeriebecot.com\/index.php?rest_route=%2Fwp%2Fv2%2Fmedia&parent=10162"}],"wp:term":[{"taxonomy":"category","embeddable":true,"href":"https:\/\/galeriebecot.com\/index.php?rest_route=%2Fwp%2Fv2%2Fcategories&post=10162"},{"taxonomy":"post_tag","embeddable":true,"href":"https:\/\/galeriebecot.com\/index.php?rest_route=%2Fwp%2Fv2%2Ftags&post=10162"}],"curies":[{"name":"wp","href":"https:\/\/api.w.org\/{rel}","templated":true}]}}