{"id":10033,"date":"2018-12-13T13:49:54","date_gmt":"2018-12-13T18:49:54","guid":{"rendered":"http:\/\/www.clubdescollectionneursenartsvisuelsdequebec.com\/?p=10033"},"modified":"2018-12-15T14:01:07","modified_gmt":"2018-12-15T19:01:07","slug":"lancement-du-dernier-livre-historique-de-jean-claude-belanger-cyr","status":"publish","type":"post","link":"https:\/\/galeriebecot.com\/?p=10033","title":{"rendered":"Lancement du dernier livre historique de Jean-Claude B\u00e9langer-Cyr"},"content":{"rendered":"<p><a href=\"https:\/\/www.galeriebecot.com\/wp-content\/uploads\/2018\/12\/Lancement1.jpg\"><img loading=\"lazy\" decoding=\"async\" class=\"alignnone size-large wp-image-10034\" src=\"https:\/\/www.galeriebecot.com\/wp-content\/uploads\/2018\/12\/Lancement1-1024x997.jpg\" alt=\"\" width=\"700\" height=\"682\" srcset=\"https:\/\/galeriebecot.com\/wp-content\/uploads\/2018\/12\/Lancement1-1024x997.jpg 1024w, https:\/\/galeriebecot.com\/wp-content\/uploads\/2018\/12\/Lancement1-300x292.jpg 300w, https:\/\/galeriebecot.com\/wp-content\/uploads\/2018\/12\/Lancement1-768x748.jpg 768w, https:\/\/galeriebecot.com\/wp-content\/uploads\/2018\/12\/Lancement1.jpg 1200w\" sizes=\"auto, (max-width: 700px) 100vw, 700px\" \/><\/a><\/p>\n<p>Comme les titres l&rsquo;indiquent, c&rsquo;est une histoire de l&rsquo;occident (HO) en lien avec notre aventure collective de l&rsquo;am\u00e9rique du Nord Francophone (ANF)&#8230;<\/p>\n<p>Formule 5@7.<\/p>\n<p>2\u00e8me \u00e9tage au Pub Galway au 112 avenue Cartier.<\/p>\n<p>le 18 d\u00e9cembre 2018.<\/p>\n","protected":false},"excerpt":{"rendered":"<p>Comme les titres l&rsquo;indiquent, c&rsquo;est une histoire de l&rsquo;occident (HO) en lien avec notre aventure collective de l&rsquo;am\u00e9rique du Nord Francophone (ANF)&#8230; Formule 5@7. 2\u00e8me \u00e9tage au Pub Galway au&hellip; <\/p>\n","protected":false},"author":1,"featured_media":0,"comment_status":"open","ping_status":"open","sticky":false,"template":"","format":"standard","meta":{"_exactmetrics_skip_tracking":false,"_exactmetrics_sitenote_active":false,"_exactmetrics_sitenote_note":"","_exactmetrics_sitenote_category":0,"footnotes":""},"categories":[18,19],"tags":[34,43,2670,2672,58,2671],"class_list":["post-10033","post","type-post","status-publish","format-standard","hentry","category-evenement","category-vernissage","tag-andre-becot","tag-arts-visuels","tag-jean-claude-belanger-cyr","tag-lancement-de-livre","tag-marc-bellemare-collectionneur","tag-pub-galway"],"_links":{"self":[{"href":"https:\/\/galeriebecot.com\/index.php?rest_route=\/wp\/v2\/posts\/10033","targetHints":{"allow":["GET"]}}],"collection":[{"href":"https:\/\/galeriebecot.com\/index.php?rest_route=\/wp\/v2\/posts"}],"about":[{"href":"https:\/\/galeriebecot.com\/index.php?rest_route=\/wp\/v2\/types\/post"}],"author":[{"embeddable":true,"href":"https:\/\/galeriebecot.com\/index.php?rest_route=\/wp\/v2\/users\/1"}],"replies":[{"embeddable":true,"href":"https:\/\/galeriebecot.com\/index.php?rest_route=%2Fwp%2Fv2%2Fcomments&post=10033"}],"version-history":[{"count":2,"href":"https:\/\/galeriebecot.com\/index.php?rest_route=\/wp\/v2\/posts\/10033\/revisions"}],"predecessor-version":[{"id":10036,"href":"https:\/\/galeriebecot.com\/index.php?rest_route=\/wp\/v2\/posts\/10033\/revisions\/10036"}],"wp:attachment":[{"href":"https:\/\/galeriebecot.com\/index.php?rest_route=%2Fwp%2Fv2%2Fmedia&parent=10033"}],"wp:term":[{"taxonomy":"category","embeddable":true,"href":"https:\/\/galeriebecot.com\/index.php?rest_route=%2Fwp%2Fv2%2Fcategories&post=10033"},{"taxonomy":"post_tag","embeddable":true,"href":"https:\/\/galeriebecot.com\/index.php?rest_route=%2Fwp%2Fv2%2Ftags&post=10033"}],"curies":[{"name":"wp","href":"https:\/\/api.w.org\/{rel}","templated":true}]}}